
{"id":118,"date":"2013-10-01T08:49:00","date_gmt":"2013-10-01T08:49:00","guid":{"rendered":"http:\/\/localhost\/wordpress\/?p=118"},"modified":"2020-12-29T20:40:12","modified_gmt":"2020-12-29T20:40:12","slug":"fit-durch-den-winter","status":"publish","type":"post","link":"https:\/\/supervision-mascha.at\/index.php\/2013\/10\/01\/fit-durch-den-winter\/","title":{"rendered":"Fit durch den Winter"},"content":{"rendered":"\n<p>Wir k\u00f6nnen mit den Geschenken aus der Natur viel bewirken und unseren K\u00f6rper optimal auf die kalte Jahreszeit vorbereiten.<\/p>\n\n\n\n<p><strong>Annette Starlinger<\/strong> erl\u00e4utert auf humorvolle und zugleich spannende Art und Weise, welche N\u00e4hrstoffe uns die n\u00f6tige Power geben, um fit, vital und vor allem gesund durch den Winter zu kommen.<\/p>\n\n\n\n<p>Es wird \u00fcber die Grundz\u00fcge der bedarfsorientierten Ern\u00e4hrung und den nat\u00fcrlichen Rhythmus unseres Organismus sowie den Wert der t\u00e4glichen Nahrungsmittel informiert, und dazu erg\u00e4nzend die M\u00f6glichkeit sinnvoller und nat\u00fcrlicher Nahrungserg\u00e4nzungen vorgestellt.<\/p>\n\n\n\n<p>Freitag, 8. November 2013, 19.30 Uhr<\/p>\n\n\n\n<p>Yoga Bewegungslounge<br>Grieskirchner Stra\u00dfe 7<br>4701 Bad Schallerbach<\/p>\n\n\n\n<p>Bitte um Voranmeldung:<br>0664 811 92 19 oder <a href=\"mailto:\/\/maria@supervision-mascha.at\">maria@supervision-mascha.at<\/a><br>Anerkennungsbeitrag \u20ac 5<\/p>\n\n\n\n<div class=\"wp-block-file\"><a href=\"https:\/\/localhost\/supervision-mascha\/wp-content\/uploads\/Fit_durch_den_Winter.pdf\"><br>Weitere Informationen<\/a><\/div>\n\n\n\n<p><\/p>\n","protected":false},"excerpt":{"rendered":"<p>Wir k\u00f6nnen mit den Geschenken aus der Natur viel bewirken und unseren K\u00f6rper optimal auf die kalte Jahreszeit vorbereiten. Annette Starlinger erl\u00e4utert auf humorvolle und zugleich spannende Art und Weise, welche N\u00e4hrstoffe uns die n\u00f6tige Power geben, um fit, vital und vor allem gesund durch den Winter zu kommen. Es wird \u00fcber die Grundz\u00fcge der &hellip; <\/p>\n<p class=\"link-more\"><a href=\"https:\/\/supervision-mascha.at\/index.php\/2013\/10\/01\/fit-durch-den-winter\/\" class=\"more-link\"><span class=\"screen-reader-text\">\u201eFit durch den Winter\u201c<\/span> weiterlesen<\/a><\/p>\n","protected":false},"author":1,"featured_media":0,"comment_status":"closed","ping_status":"open","sticky":false,"template":"","format":"standard","meta":{"footnotes":""},"categories":[3],"tags":[],"class_list":["post-118","post","type-post","status-publish","format-standard","hentry","category-archiv"],"_links":{"self":[{"href":"https:\/\/supervision-mascha.at\/index.php\/wp-json\/wp\/v2\/posts\/118","targetHints":{"allow":["GET"]}}],"collection":[{"href":"https:\/\/supervision-mascha.at\/index.php\/wp-json\/wp\/v2\/posts"}],"about":[{"href":"https:\/\/supervision-mascha.at\/index.php\/wp-json\/wp\/v2\/types\/post"}],"author":[{"embeddable":true,"href":"https:\/\/supervision-mascha.at\/index.php\/wp-json\/wp\/v2\/users\/1"}],"replies":[{"embeddable":true,"href":"https:\/\/supervision-mascha.at\/index.php\/wp-json\/wp\/v2\/comments?post=118"}],"version-history":[{"count":2,"href":"https:\/\/supervision-mascha.at\/index.php\/wp-json\/wp\/v2\/posts\/118\/revisions"}],"predecessor-version":[{"id":151,"href":"https:\/\/supervision-mascha.at\/index.php\/wp-json\/wp\/v2\/posts\/118\/revisions\/151"}],"wp:attachment":[{"href":"https:\/\/supervision-mascha.at\/index.php\/wp-json\/wp\/v2\/media?parent=118"}],"wp:term":[{"taxonomy":"category","embeddable":true,"href":"https:\/\/supervision-mascha.at\/index.php\/wp-json\/wp\/v2\/categories?post=118"},{"taxonomy":"post_tag","embeddable":true,"href":"https:\/\/supervision-mascha.at\/index.php\/wp-json\/wp\/v2\/tags?post=118"}],"curies":[{"name":"wp","href":"https:\/\/api.w.org\/{rel}","templated":true}]}}